{"id":715,"date":"2020-08-19T12:54:29","date_gmt":"2020-08-19T12:54:29","guid":{"rendered":"http:\/\/mco.ormalinge.ch\/?p=715"},"modified":"2020-08-19T13:22:29","modified_gmt":"2020-08-19T13:22:29","slug":"singstunde-vom-20-august-2020","status":"publish","type":"post","link":"https:\/\/mco.ormalinge.ch\/?p=715","title":{"rendered":"Singstunde vom 20. August 2020"},"content":{"rendered":"<p>Liebe S\u00e4ngerkollegen<\/p>\n<p>Nachdem die letzte Singstunde doch eher schwach besucht wurde, bitte ich euch nunmehr um Anwesenheit. Wir halten die Corona bedingten Vorschriften ein, was u.a. einen 2-Meter-Abstand zwischen den S\u00e4ngern bedeutet.<strong> Wenn nun noch einzelne S\u00e4nger fehlen, wird das Chorsingen schwierig.<\/strong> Also danke ich euch schon heute f\u00fcr&#8217;s Kommen (TP wie immer 20.00 Uhr AHP Ormalingen).<\/p>\n<p><strong>Letzte Singstunde wurde beschlossen<\/strong>, dass wir bis Ende September 2020 beschliessen werden, ob wir das Herbstkonzert vom 28.\/29. November 2020 abhalten k\u00f6nnen oder nicht. F\u00fcr die Delegiertenversammlung vom 6. Februar 2021m\u00fcssen wir uns auch gesanglich formieren! Freiwillige Bereichsverantwortliche, es m\u00fcssen ja nicht immer dieselben sein, sollen sich bei mir melden. Jedenfalls werde ich an der n\u00e4chsten Singstunde danach fragen!<\/p>\n<p>Auch bat ich letzte Singstunde um die <strong>Kontrolle eurer Kontaktkoordinaten auf der Website<\/strong>.<\/p>\n<p>Ren\u00e9 Semadeni wird den reparierten Schaukasten &#8222;SPAAR&#8220; neu mit dem Jahresprogram und dem bisherigen Werbeflyer best\u00fccken und daf\u00fcr besorgt sein, dass alle Noten zur Probe vorhanden sind!<\/p>\n<p><strong>Probeli<\/strong><strong>teratur<\/strong><\/p>\n<p>Wir studieren, singen und \u00fcben die Lieder zum Konzert im November 2020. Liederliste siehe letzte Mitteilung!<\/p>\n<p><strong>Gemeldete und entschuldigte Absenzen f\u00fcr die kommende Singstunde:<\/strong><\/p>\n<p>Urs von Arb\u00a0 \u00a0 \u00a0Wir w\u00fcnschen ihm gute Genesung und viel Zuversicht!<\/p>\n<p><span style=\"font-size: 1rem;\">R<\/span><span style=\"font-size: 1rem;\">eto Meyer\u00a0 \u00a0 \u00a0 Corona beding<\/span><span style=\"font-size: 1rem;\">t<\/span><\/p>\n<p>Willi Graf\u00a0 \u00a0 \u00a0 \u00a0 \u00a0 Corona bedingt<\/p>\n<p>Remo H\u00e4nggi\u00a0 \u00a0beruflich<\/p>\n<p><strong>Geburtstage:\u00a0<\/strong><\/p>\n<p>15.8.2020\u00a0 \u00a0 \u00a0 \u00a0 \u00a0 \u00a0V\u00f6llmin Karl\u00a0 \u00a0 \u00a0 \u00a0 \u00a0 \u00a0 \u00a0 \u00a0 \u00a073 Jahre jung<\/p>\n<p>17.8.2020\u00a0 \u00a0 \u00a0 \u00a0 \u00a0 \u00a0Gerster Walter\u00a0 \u00a0 \u00a0 \u00a0 \u00a0 \u00a0 \u00a067 Jahre jung<\/p>\n<p>21.8.2020\u00a0 \u00a0 \u00a0 \u00a0 \u00a0 \u00a0 F\u00fcl\u00f6p Endre\u00a0 \u00a0 \u00a0 \u00a0 \u00a0 \u00a0 \u00a0 \u00a0 \u00a069 Jahre jung<\/p>\n<p>&nbsp;<\/p>\n<p><strong>Restaurant:<\/strong><\/p>\n<p>Wir treffen uns nach der Singstunde im Restaurant R\u00f6ssli, Ormalingen (konnte zwar noch nicht reservieren)<\/p>\n<p>&nbsp;<\/p>\n<p>Wir w\u00fcnschen unseren jubilierenden Freunden alles Gute, Gesundheit und Wohlergehen.<\/p>\n<p>Dr&#8216; Persi gr\u00fcsst, hofft und dankt<\/p>\n<p>Adrian<\/p>\n<p>&nbsp;<\/p>\n<p>&nbsp;<\/p>\n<p>&nbsp;<\/p>\n","protected":false},"excerpt":{"rendered":"<p>Liebe S\u00e4ngerkollegen Nachdem die letzte Singstunde doch eher schwach besucht wurde, bitte ich euch nunmehr um Anwesenheit. Wir halten die Corona bedingten Vorschriften ein, was u.a. einen 2-Meter-Abstand zwischen den S\u00e4ngern bedeutet. Wenn nun noch einzelne S\u00e4nger fehlen, wird das Chorsingen schwierig. Also danke ich euch schon heute f\u00fcr&#8217;s Kommen (TP wie immer 20.00 Uhr AHP Ormalingen). Letzte Singstunde wurde beschlossen, dass wir bis Ende September 2020 beschliessen werden, ob wir das Herbstkonzert vom 28.\/29. November 2020 abhalten k\u00f6nnen oder nicht. F\u00fcr die Delegiertenversammlung vom 6. Februar 2021m\u00fcssen wir uns auch gesanglich formieren! Freiwillige Bereichsverantwortliche, es m\u00fcssen ja nicht immer dieselben sein, sollen sich bei mir melden. Jedenfalls werde ich an der n\u00e4chsten Singstunde danach fragen! Auch bat ich letzte Singstunde um die Kontrolle eurer Kontaktkoordinaten auf der Website. Ren\u00e9 Semadeni wird den reparierten Schaukasten &#8222;SPAAR&#8220; neu mit dem Jahresprogram und dem bisherigen Werbeflyer best\u00fccken und daf\u00fcr besorgt sein, dass alle Noten zur Probe vorhanden sind! Probeliteratur Wir studieren, singen und \u00fcben die Lieder zum Konzert im November 2020. Liederliste siehe letzte Mitteilung! Gemeldete und entschuldigte Absenzen f\u00fcr die kommende Singstunde: Urs von Arb\u00a0 \u00a0 \u00a0Wir w\u00fcnschen ihm gute Genesung und viel Zuversicht! Reto Meyer\u00a0 \u00a0 \u00a0 Corona bedingt Willi<\/p>\n","protected":false},"author":10,"featured_media":0,"comment_status":"closed","ping_status":"open","sticky":false,"template":"","format":"standard","meta":{"footnotes":""},"categories":[5],"tags":[],"class_list":["post-715","post","type-post","status-publish","format-standard","hentry","category-mitglieder"],"_links":{"self":[{"href":"https:\/\/mco.ormalinge.ch\/index.php?rest_route=\/wp\/v2\/posts\/715","targetHints":{"allow":["GET"]}}],"collection":[{"href":"https:\/\/mco.ormalinge.ch\/index.php?rest_route=\/wp\/v2\/posts"}],"about":[{"href":"https:\/\/mco.ormalinge.ch\/index.php?rest_route=\/wp\/v2\/types\/post"}],"author":[{"embeddable":true,"href":"https:\/\/mco.ormalinge.ch\/index.php?rest_route=\/wp\/v2\/users\/10"}],"replies":[{"embeddable":true,"href":"https:\/\/mco.ormalinge.ch\/index.php?rest_route=%2Fwp%2Fv2%2Fcomments&post=715"}],"version-history":[{"count":3,"href":"https:\/\/mco.ormalinge.ch\/index.php?rest_route=\/wp\/v2\/posts\/715\/revisions"}],"predecessor-version":[{"id":718,"href":"https:\/\/mco.ormalinge.ch\/index.php?rest_route=\/wp\/v2\/posts\/715\/revisions\/718"}],"wp:attachment":[{"href":"https:\/\/mco.ormalinge.ch\/index.php?rest_route=%2Fwp%2Fv2%2Fmedia&parent=715"}],"wp:term":[{"taxonomy":"category","embeddable":true,"href":"https:\/\/mco.ormalinge.ch\/index.php?rest_route=%2Fwp%2Fv2%2Fcategories&post=715"},{"taxonomy":"post_tag","embeddable":true,"href":"https:\/\/mco.ormalinge.ch\/index.php?rest_route=%2Fwp%2Fv2%2Ftags&post=715"}],"curies":[{"name":"wp","href":"https:\/\/api.w.org\/{rel}","templated":true}]}}